{"id":5112,"date":"2021-02-03T23:46:17","date_gmt":"2021-02-03T22:46:17","guid":{"rendered":"http:\/\/www.runstenracing.se\/?p=5112"},"modified":"2021-02-04T10:58:16","modified_gmt":"2021-02-04T09:58:16","slug":"error-24h-efter-pahalsning-i-diverse-snodrivor","status":"publish","type":"post","link":"https:\/\/www.runstenracing.se\/?p=5112","title":{"rendered":"Error 24H efter p\u00e5h\u00e4lsning i diverse sn\u00f6drivor"},"content":{"rendered":"<p>Vinter, kallt och sn\u00f6 &#8211; inte direkt cykelv\u00e4der.. eller?<\/p>\n<p><a href=\"http:\/\/www.runstenracing.se\/?attachment_id=5113\" rel=\"attachment wp-att-5113\"><img loading=\"lazy\" decoding=\"async\" class=\"alignnone size-full wp-image-5113\" src=\"http:\/\/www.runstenracing.se\/wp-content\/uploads\/2021\/02\/20210201_200750.jpg\" alt=\"\" width=\"1280\" height=\"960\" \/><\/a><\/p>\n<p>Vi monterade dubbd\u00e4ck p\u00e5 cyklarna och det \u00e4r ASROLIGT att vara ute och sladda i sn\u00f6drivorna.<\/p>\n<p>Efter senaste turen fick jag upp motorfelssymbolen i displayen och ett &#8221;Error 24H&#8221; &#8211; ett \u00f6k\u00e4nt fel som tyder p\u00e5 problem med hallsensorerna. Motorn fungerar men den startar ryckigt och g\u00e5r inte att k\u00f6ra mjukt.. det \u00e4r full gas eller noll som g\u00e4ller.<\/p>\n<p>Det blev till att montera ner cykeln och det gick r\u00e4tt snabbt att lokalisera problemet:<\/p>\n<p><a href=\"http:\/\/www.runstenracing.se\/?attachment_id=5114\" rel=\"attachment wp-att-5114\"><img loading=\"lazy\" decoding=\"async\" class=\"alignnone size-full wp-image-5114\" src=\"http:\/\/www.runstenracing.se\/wp-content\/uploads\/2021\/02\/20210203_202408.jpg\" alt=\"\" width=\"1280\" height=\"960\" \/><\/a><\/p>\n<p>Oftast \u00e4r det bra om alla kablar \u00e4r hela..<\/p>\n<p><a href=\"http:\/\/www.runstenracing.se\/?attachment_id=5115\" rel=\"attachment wp-att-5115\"><img loading=\"lazy\" decoding=\"async\" class=\"alignnone size-full wp-image-5115\" src=\"http:\/\/www.runstenracing.se\/wp-content\/uploads\/2021\/02\/20210203_204536.jpg\" alt=\"\" width=\"1280\" height=\"960\" \/><\/a><\/p>\n<p>Eftersom att det \u00e4r knepigt att komma \u00e5t att byta ut hela kablaget och eftersom att jag \u00e4nd\u00e5 inte har kontaktstycken som passar, s\u00e5 skarvade jag p\u00e5 en snutt p\u00e5 den ledare som var av och l\u00f6dde ihop hela kalaset.<\/p>\n<p><a href=\"http:\/\/www.runstenracing.se\/?attachment_id=5116\" rel=\"attachment wp-att-5116\"><img loading=\"lazy\" decoding=\"async\" class=\"alignnone size-full wp-image-5116\" src=\"http:\/\/www.runstenracing.se\/wp-content\/uploads\/2021\/02\/20210203_204716.jpg\" alt=\"\" width=\"1280\" height=\"960\" \/><\/a><\/p>\n<p>Efter lite krympslang ser det helt okej ut igen..<\/p>\n<p><a href=\"http:\/\/www.runstenracing.se\/?attachment_id=5117\" rel=\"attachment wp-att-5117\"><img loading=\"lazy\" decoding=\"async\" class=\"alignnone size-full wp-image-5117\" src=\"http:\/\/www.runstenracing.se\/wp-content\/uploads\/2021\/02\/20210203_212741.jpg\" alt=\"\" width=\"1280\" height=\"960\" \/><\/a><\/p>\n<p>En snabb funktionstest p\u00e5 cykeln &#8211; ingen motorsymbol och inget felmeddelande och motorn mjukstartar hur fint som helst. Problem solved! =)<\/p>\n<p>Men orsaken till problemet kvarst\u00e5r ju, det \u00e4r f\u00f6r ont om plats d\u00e4r kablaget ovanf\u00f6r kontrollern ska dras s\u00e5 kablarna kl\u00e4ms mellan kontrollern och ramen n\u00e4r man kraschar in i diverse sn\u00f6h\u00f6gar eller bara gasar ordentligt. Detta m\u00e5ste l\u00f6sas:<\/p>\n<p><a href=\"http:\/\/www.runstenracing.se\/?attachment_id=5118\" rel=\"attachment wp-att-5118\"><img loading=\"lazy\" decoding=\"async\" class=\"alignnone size-full wp-image-5118\" src=\"http:\/\/www.runstenracing.se\/wp-content\/uploads\/2021\/02\/cad_2.png\" alt=\"\" width=\"1280\" height=\"700\" \/><\/a><\/p>\n<p>Snabbcaddade upp en prototypkudde som jag t\u00e4nkte tr\u00e4 \u00f6ver motorn..<\/p>\n<p><a href=\"http:\/\/www.runstenracing.se\/?attachment_id=5119\" rel=\"attachment wp-att-5119\"><img loading=\"lazy\" decoding=\"async\" class=\"alignnone size-full wp-image-5119\" src=\"http:\/\/www.runstenracing.se\/wp-content\/uploads\/2021\/02\/20210204_082138.jpg\" alt=\"\" width=\"1280\" height=\"960\" \/><\/a> <a href=\"http:\/\/www.runstenracing.se\/?attachment_id=5120\" rel=\"attachment wp-att-5120\"><img loading=\"lazy\" decoding=\"async\" class=\"alignnone size-large wp-image-5120\" src=\"http:\/\/www.runstenracing.se\/wp-content\/uploads\/2021\/02\/20210204_082242.jpg\" alt=\"\" width=\"584\" height=\"438\" \/><\/a><\/p>\n<p>Printen blev helt OK och den passar klockrent p\u00e5 motorn. Den \u00e4r utskriven i TPU och v\u00e4ldigt mjuk. Den h\u00e4r kudden kommer att se till att motorn inte kan tryckas lika h\u00e5rt mot ramen s\u00e5 kablarna b\u00f6r inte kunna komma i kl\u00e4m och g\u00e5 s\u00f6nder.<\/p>\n<p>I \u00f6vrigt \u00e4r det batteri som g\u00e4ller p\u00e5 cykelfronten:<\/p>\n<p><a href=\"http:\/\/www.runstenracing.se\/?attachment_id=5121\" rel=\"attachment wp-att-5121\"><img loading=\"lazy\" decoding=\"async\" class=\"alignnone size-full wp-image-5121\" src=\"http:\/\/www.runstenracing.se\/wp-content\/uploads\/2021\/02\/100cell_layout.png\" alt=\"\" width=\"971\" height=\"1205\" \/><\/a><\/p>\n<p>H\u00e4r \u00e4r det ett 20s5p batteri jag designar. Eftersom att formen p\u00e5 batteriet \u00e4r r\u00e4tt skum s\u00e5 \u00e4r det sv\u00e5rt att f\u00e5 till en optimal layout men denna kommer kunna leverera mycket mer str\u00f6m \u00e4n mitt befintliga 13s-batteri. Lyckades kl\u00e4mma in 100 celler p\u00e5 i stort sett samma yta som jag tidigare rymde 91 celler p\u00e5 och har hittat en b\u00e4ttre l\u00f6sning f\u00f6r montering, mer om det kommer senare.. Nu ska batteriet svetsas ihop och en plats ska hittas f\u00f6r BMS &#8211; som blir r\u00e4tt skrymmande n\u00e4r den ska klara av att hantera 100A+ kontinuerligt. \ud83d\ude42<\/p>\n","protected":false},"excerpt":{"rendered":"<p>Vinter, kallt och sn\u00f6 &#8211; inte direkt cykelv\u00e4der.. eller? Vi monterade dubbd\u00e4ck p\u00e5 cyklarna och det \u00e4r ASROLIGT att vara ute och sladda i sn\u00f6drivorna. Efter senaste turen fick jag upp motorfelssymbolen i displayen och ett &#8221;Error 24H&#8221; &#8211; ett &hellip; <a href=\"https:\/\/www.runstenracing.se\/?p=5112\">Forts\u00e4tt l\u00e4sa <span class=\"meta-nav\">&rarr;<\/span><\/a><\/p>\n","protected":false},"author":1,"featured_media":0,"comment_status":"open","ping_status":"open","sticky":false,"template":"","format":"standard","meta":{"footnotes":""},"categories":[84],"tags":[],"_links":{"self":[{"href":"https:\/\/www.runstenracing.se\/index.php?rest_route=\/wp\/v2\/posts\/5112"}],"collection":[{"href":"https:\/\/www.runstenracing.se\/index.php?rest_route=\/wp\/v2\/posts"}],"about":[{"href":"https:\/\/www.runstenracing.se\/index.php?rest_route=\/wp\/v2\/types\/post"}],"author":[{"embeddable":true,"href":"https:\/\/www.runstenracing.se\/index.php?rest_route=\/wp\/v2\/users\/1"}],"replies":[{"embeddable":true,"href":"https:\/\/www.runstenracing.se\/index.php?rest_route=%2Fwp%2Fv2%2Fcomments&post=5112"}],"version-history":[{"count":1,"href":"https:\/\/www.runstenracing.se\/index.php?rest_route=\/wp\/v2\/posts\/5112\/revisions"}],"predecessor-version":[{"id":5122,"href":"https:\/\/www.runstenracing.se\/index.php?rest_route=\/wp\/v2\/posts\/5112\/revisions\/5122"}],"wp:attachment":[{"href":"https:\/\/www.runstenracing.se\/index.php?rest_route=%2Fwp%2Fv2%2Fmedia&parent=5112"}],"wp:term":[{"taxonomy":"category","embeddable":true,"href":"https:\/\/www.runstenracing.se\/index.php?rest_route=%2Fwp%2Fv2%2Fcategories&post=5112"},{"taxonomy":"post_tag","embeddable":true,"href":"https:\/\/www.runstenracing.se\/index.php?rest_route=%2Fwp%2Fv2%2Ftags&post=5112"}],"curies":[{"name":"wp","href":"https:\/\/api.w.org\/{rel}","templated":true}]}}